{"id":7654,"date":"2023-11-24T12:28:51","date_gmt":"2023-11-24T12:28:51","guid":{"rendered":"https:\/\/omundoeumtzero.com\/?p=7654"},"modified":"2023-11-24T12:31:19","modified_gmt":"2023-11-24T12:31:19","slug":"queres-vender-a-tua-habitacao-secundaria","status":"publish","type":"post","link":"https:\/\/omundoeumtzero.com\/index.php\/2023\/11\/24\/queres-vender-a-tua-habitacao-secundaria\/","title":{"rendered":"Queres vender a tua habita\u00e7\u00e3o secund\u00e1ria?"},"content":{"rendered":"[vc_row type=&#8221;in_container&#8221; full_screen_row_position=&#8221;middle&#8221; scene_position=&#8221;center&#8221; text_color=&#8221;dark&#8221; text_align=&#8221;left&#8221; overlay_strength=&#8221;0.3&#8243; shape_divider_position=&#8221;bottom&#8221; bg_image_animation=&#8221;none&#8221;][vc_column column_padding=&#8221;no-extra-padding&#8221; column_padding_position=&#8221;all&#8221; background_color_opacity=&#8221;1&#8243; background_hover_color_opacity=&#8221;1&#8243; column_link_target=&#8221;_self&#8221; column_shadow=&#8221;none&#8221; column_border_radius=&#8221;none&#8221; width=&#8221;1\/1&#8243; tablet_width_inherit=&#8221;default&#8221; tablet_text_alignment=&#8221;default&#8221; phone_text_alignment=&#8221;default&#8221; column_border_width=&#8221;none&#8221; column_border_style=&#8221;solid&#8221; bg_image_animation=&#8221;none&#8221;][vc_column_text]\n<p style=\"text-align: center;\">Continuando com o programa &#8220;Mais Habita\u00e7\u00e3o&#8221;..<\/p>\n<p>Uma das mais ben\u00e9ficas oportunidades que o mais habita\u00e7\u00e3o trouxe, na minha opini\u00e3o, foi a possibilidade de isentar as mais valias resultantes da venda de uma habita\u00e7\u00e3o (que n\u00e3o seja a pr\u00f3pria e permanente) ou terreno para constru\u00e7\u00e3o.<\/p>\n<p>Como, ao meu redor, o que mais vejo \u00e9 a venda da habita\u00e7\u00e3o secund\u00e1ria, alerto para duas coisinhas, muito importantes.<\/p>\n<p><span style=\"color: #0000ff;\"><strong>A legisla\u00e7\u00e3o diz que, poder\u00e1 existir uma isen\u00e7\u00e3o no pagamento das mais valias da venda da hab. secund\u00e1ria se, cumprirmos cumulativamente dois requisitos (art. 50 da Lei 56\/2023 de 6 de Outubro). E, como h\u00e1 milhentas d\u00favidas neste campo, aqui fica o meu entendimento.<\/strong><\/span><\/p>\n<p><span style=\"color: #008000;\">1 &#8211; S\u00e3o exclu\u00eddos de tributa\u00e7\u00e3o em IRS os ganhos provenientes da transmiss\u00e3o onerosa de terrenos para constru\u00e7\u00e3o ou de im\u00f3veis habitacionais que n\u00e3o sejam destinados a habita\u00e7\u00e3o pr\u00f3pria e permanente do sujeito passivo ou do seu agregado familiar, desde que verificadas, cumulativamente, as seguintes condi\u00e7\u00f5es:<\/span><\/p>\n<p><span style=\"color: #008000;\"><em>a) O valor de realiza\u00e7\u00e3o, deduzido da amortiza\u00e7\u00e3o de eventual empr\u00e9stimo contra\u00eddo para aquisi\u00e7\u00e3o do im\u00f3vel, seja aplicado na amortiza\u00e7\u00e3o de capital em d\u00edvida em cr\u00e9dito \u00e0 habita\u00e7\u00e3o destinado a habita\u00e7\u00e3o pr\u00f3pria e permanente do sujeito passivo ou dos seus descendentes;<\/em><\/span><\/p>\n<p><span style=\"color: #008000;\"><em>b) A amortiza\u00e7\u00e3o referida na al\u00ednea anterior seja concretizada num prazo de tr\u00eas meses contados da data de realiza\u00e7\u00e3o.<\/em><\/span><\/p>\n<p style=\"text-align: left;\">Em termos pr\u00e1ticos, isto quer dizer que:<\/p>\n<p>Vendo uma habita\u00e7\u00e3o secund\u00e1ria por 100.000\u20ac e ainda devo 30.000\u20ac ao banco, fico com 70.000\u20ac (isto \u00e9 o que diz a al\u00ednea a))..<\/p>\n<p>Se eu utilizar esses 70.000\u20ac para abater a d\u00edvida\/ cr\u00e9dito que tenho na HPP (hab. pr\u00f3pria e permanente) (\u00e9 o que refere a al\u00ednea b)).<\/p>\n<p>Ou seja, se eu apenas utilizar 50.000\u20ac para abater n\u00e3o estou a cumprir um dos requisitos, certo????<\/p>\n<p>Existe apenas UMA EXCEP\u00c7\u00c3O que vem no ponto a seguir que diz que, poderei ser tributado apenas parcialmente na mais valia se n\u00e3o utilizar o valor todo da al\u00ednea a (porque o valor em d\u00edvida que tenho da HPP \u00e9 mais baixo)..<\/p>\n<p><span style=\"color: #008000;\">2 &#8211; Sempre que o valor de realiza\u00e7\u00e3o, deduzido da amortiza\u00e7\u00e3o de eventual empr\u00e9stimo contra\u00eddo para aquisi\u00e7\u00e3o do im\u00f3vel transmitido, for superior ao capital em d\u00edvida no cr\u00e9dito \u00e0 habita\u00e7\u00e3o contra\u00eddo para a aquisi\u00e7\u00e3o do im\u00f3vel destinado a habita\u00e7\u00e3o pr\u00f3pria e permanente do sujeito passivo ou do seu agregado familiar, o valor remanescente \u00e9 sujeito a tributa\u00e7\u00e3o de acordo com as disposi\u00e7\u00f5es gerais do C\u00f3digo do IRS.<\/span><\/p>\n<p>No meu entendimento, ou se aplica a totalidade ou n\u00e3o h\u00e1 isen\u00e7\u00e3o, pois n\u00e3o cumpre o requisito.<\/p>\n<p>Outra nota, apenas se pode deduzir o cr\u00e9dito contra\u00eddo para a aquisi\u00e7\u00e3o do im\u00f3vel. Ou seja, tal como acontece no reinvestimento da HPP (que h\u00e1 anos existe para poder isentar tamb\u00e9m as mais valias) outros cr\u00e9ditos n\u00e3o se abatem nestes c\u00e1lculos.<\/p>\n<p>Ou seja,<\/p>\n<p>Vendo um apartamento por 100.000\u20ac e tenho duas hipotecas:<\/p>\n<ul>\n<li>Uma de 20.000\u20ac que diz respeito ao cr\u00e9dito contra\u00eddo para a aquisi\u00e7\u00e3o do im\u00f3vel;<\/li>\n<li>Uma de 10.000\u20ac que tem outro fim (multiusos, para obras, etc)&#8230;<\/li>\n<\/ul>\n<p>Nestes c\u00e1lculos, apenas os 20.000\u20ac entram em conta (segundo a al\u00ednea a).<\/p>\n<p>O valor que tenho de abater no cr\u00e9dito da HPP ser\u00e3o os 100.000\u20ac menos os 20.000\u20ac, ou seja, os 80.000\u20ac.<\/p>\n<p>Na realidade eu n\u00e3o fico com os 80.000\u20ac no bolso mas, no meu entendimento e analisando os artigos, ou abato os 80.000\u20ac ou n\u00e3o tenho benef\u00edcio nenhum&#8230;<\/p>\n<p>Poderei ter um benef\u00edcio parcial se, por acaso, o valor em d\u00edvida que tenho da HPP for inferior aos 80.000\u20ac.<\/p>\n<p>Tenho um cliente nesta situa\u00e7\u00e3o&#8230;<br \/>\nNo entanto, vai abater o que sobrou na d\u00edvida que tem pois o objetivo era de facto diminuir o valor da presta\u00e7\u00e3o mensal (que, julgo ser o objetivo principal do legislador).<\/p>\n<p>Isto n\u00e3o \u00e9 de racioc\u00ednio f\u00e1cil e \u00e9 preciso fazer algumas contas e ver o que compensa. Alguma d\u00favida, estou ao dispor. :)[\/vc_column_text][\/vc_column][\/vc_row]\n","protected":false},"excerpt":{"rendered":"<p>[vc_row type=&#8221;in_container&#8221; full_screen_row_position=&#8221;middle&#8221; scene_position=&#8221;center&#8221; text_color=&#8221;dark&#8221; text_align=&#8221;left&#8221; overlay_strength=&#8221;0.3&#8243; shape_divider_position=&#8221;bottom&#8221; bg_image_animation=&#8221;none&#8221;][vc_column column_padding=&#8221;no-extra-padding&#8221; column_padding_position=&#8221;all&#8221; background_color_opacity=&#8221;1&#8243; background_hover_color_opacity=&#8221;1&#8243; column_link_target=&#8221;_self&#8221; column_shadow=&#8221;none&#8221; column_border_radius=&#8221;none&#8221; width=&#8221;1\/1&#8243; tablet_width_inherit=&#8221;default&#8221; tablet_text_alignment=&#8221;default&#8221; phone_text_alignment=&#8221;default&#8221; column_border_width=&#8221;none&#8221; column_border_style=&#8221;solid&#8221; bg_image_animation=&#8221;none&#8221;][vc_column_text] Continuando com o programa &#8220;Mais Habita\u00e7\u00e3o&#8221;.. Uma&#8230;<\/p>\n","protected":false},"author":4,"featured_media":6149,"comment_status":"closed","ping_status":"closed","sticky":false,"template":"elementor_theme","format":"standard","meta":{"_mi_skip_tracking":false,"_exactmetrics_sitenote_active":false,"_exactmetrics_sitenote_note":"","_exactmetrics_sitenote_category":0},"categories":[3],"tags":[],"yoast_head":"<!-- This site is optimized with the Yoast SEO plugin v19.8 - https:\/\/yoast.com\/wordpress\/plugins\/seo\/ -->\n<title>Queres vender a tua habita\u00e7\u00e3o secund\u00e1ria? - O Mundo \u00e9 um T Zero<\/title>\n<meta name=\"description\" content=\"Mais valias e reinvestimentos em im\u00f3veis para habita\u00e7\u00e3o pr\u00f3pria e permanente.\" \/>\n<meta name=\"robots\" content=\"index, follow, max-snippet:-1, max-image-preview:large, max-video-preview:-1\" \/>\n<link rel=\"canonical\" href=\"https:\/\/omundoeumtzero.com\/index.php\/2023\/11\/24\/queres-vender-a-tua-habitacao-secundaria\/\" \/>\n<meta property=\"og:locale\" content=\"pt_PT\" \/>\n<meta property=\"og:type\" content=\"article\" \/>\n<meta property=\"og:title\" content=\"Queres vender a tua habita\u00e7\u00e3o secund\u00e1ria? - O Mundo \u00e9 um T Zero\" \/>\n<meta property=\"og:description\" content=\"Mais valias e reinvestimentos em im\u00f3veis para habita\u00e7\u00e3o pr\u00f3pria e permanente.\" \/>\n<meta property=\"og:url\" content=\"https:\/\/omundoeumtzero.com\/index.php\/2023\/11\/24\/queres-vender-a-tua-habitacao-secundaria\/\" \/>\n<meta property=\"og:site_name\" content=\"O Mundo \u00e9 um T Zero\" \/>\n<meta property=\"article:publisher\" content=\"https:\/\/www.facebook.com\/villeliliana.cacoilo\" \/>\n<meta property=\"article:author\" content=\"https:\/\/www.facebook.com\/villerealestatelilianacacoilo\" \/>\n<meta property=\"article:published_time\" content=\"2023-11-24T12:28:51+00:00\" \/>\n<meta property=\"article:modified_time\" content=\"2023-11-24T12:31:19+00:00\" \/>\n<meta property=\"og:image\" content=\"https:\/\/omundoeumtzero.com\/wp-content\/uploads\/2019\/09\/neven-krcmarek-HWbxSLvmSww-unsplash.jpg\" \/>\n\t<meta property=\"og:image:width\" content=\"2500\" \/>\n\t<meta property=\"og:image:height\" content=\"1667\" \/>\n\t<meta property=\"og:image:type\" content=\"image\/jpeg\" \/>\n<meta name=\"author\" content=\"Liliana\" \/>\n<meta name=\"twitter:card\" content=\"summary_large_image\" \/>\n<meta name=\"twitter:label1\" content=\"Escrito por\" \/>\n\t<meta name=\"twitter:data1\" content=\"Liliana\" \/>\n\t<meta name=\"twitter:label2\" content=\"Tempo estimado de leitura\" \/>\n\t<meta name=\"twitter:data2\" content=\"4 minutos\" \/>\n<script type=\"application\/ld+json\" class=\"yoast-schema-graph\">{\"@context\":\"https:\/\/schema.org\",\"@graph\":[{\"@type\":\"Article\",\"@id\":\"https:\/\/omundoeumtzero.com\/index.php\/2023\/11\/24\/queres-vender-a-tua-habitacao-secundaria\/#article\",\"isPartOf\":{\"@id\":\"https:\/\/omundoeumtzero.com\/index.php\/2023\/11\/24\/queres-vender-a-tua-habitacao-secundaria\/\"},\"author\":{\"name\":\"Liliana\",\"@id\":\"https:\/\/omundoeumtzero.com\/#\/schema\/person\/fb25cad21b044bfea1c91e6ef7073627\"},\"headline\":\"Queres vender a tua habita\u00e7\u00e3o secund\u00e1ria?\",\"datePublished\":\"2023-11-24T12:28:51+00:00\",\"dateModified\":\"2023-11-24T12:31:19+00:00\",\"mainEntityOfPage\":{\"@id\":\"https:\/\/omundoeumtzero.com\/index.php\/2023\/11\/24\/queres-vender-a-tua-habitacao-secundaria\/\"},\"wordCount\":797,\"publisher\":{\"@id\":\"https:\/\/omundoeumtzero.com\/#organization\"},\"articleSection\":[\"Featured\"],\"inLanguage\":\"pt-PT\"},{\"@type\":\"WebPage\",\"@id\":\"https:\/\/omundoeumtzero.com\/index.php\/2023\/11\/24\/queres-vender-a-tua-habitacao-secundaria\/\",\"url\":\"https:\/\/omundoeumtzero.com\/index.php\/2023\/11\/24\/queres-vender-a-tua-habitacao-secundaria\/\",\"name\":\"Queres vender a tua habita\u00e7\u00e3o secund\u00e1ria? - O Mundo \u00e9 um T Zero\",\"isPartOf\":{\"@id\":\"https:\/\/omundoeumtzero.com\/#website\"},\"datePublished\":\"2023-11-24T12:28:51+00:00\",\"dateModified\":\"2023-11-24T12:31:19+00:00\",\"description\":\"Mais valias e reinvestimentos em im\u00f3veis para habita\u00e7\u00e3o pr\u00f3pria e permanente.\",\"breadcrumb\":{\"@id\":\"https:\/\/omundoeumtzero.com\/index.php\/2023\/11\/24\/queres-vender-a-tua-habitacao-secundaria\/#breadcrumb\"},\"inLanguage\":\"pt-PT\",\"potentialAction\":[{\"@type\":\"ReadAction\",\"target\":[\"https:\/\/omundoeumtzero.com\/index.php\/2023\/11\/24\/queres-vender-a-tua-habitacao-secundaria\/\"]}]},{\"@type\":\"BreadcrumbList\",\"@id\":\"https:\/\/omundoeumtzero.com\/index.php\/2023\/11\/24\/queres-vender-a-tua-habitacao-secundaria\/#breadcrumb\",\"itemListElement\":[{\"@type\":\"ListItem\",\"position\":1,\"name\":\"In\u00edcio\",\"item\":\"https:\/\/omundoeumtzero.com\/\"},{\"@type\":\"ListItem\",\"position\":2,\"name\":\"Queres vender a tua habita\u00e7\u00e3o secund\u00e1ria?\"}]},{\"@type\":\"WebSite\",\"@id\":\"https:\/\/omundoeumtzero.com\/#website\",\"url\":\"https:\/\/omundoeumtzero.com\/\",\"name\":\"O Mundo \u00e9 um T Zero\",\"description\":\"Por Liliana Ca\u00e7oilo\",\"publisher\":{\"@id\":\"https:\/\/omundoeumtzero.com\/#organization\"},\"potentialAction\":[{\"@type\":\"SearchAction\",\"target\":{\"@type\":\"EntryPoint\",\"urlTemplate\":\"https:\/\/omundoeumtzero.com\/?s={search_term_string}\"},\"query-input\":\"required name=search_term_string\"}],\"inLanguage\":\"pt-PT\"},{\"@type\":\"Organization\",\"@id\":\"https:\/\/omundoeumtzero.com\/#organization\",\"name\":\"O Mundo \u00e9 um T Zero\",\"url\":\"https:\/\/omundoeumtzero.com\/\",\"sameAs\":[\"https:\/\/www.instagram.com\/lilianacacoilo\/\",\"https:\/\/www.facebook.com\/villeliliana.cacoilo\"],\"logo\":{\"@type\":\"ImageObject\",\"inLanguage\":\"pt-PT\",\"@id\":\"https:\/\/omundoeumtzero.com\/#\/schema\/logo\/image\/\",\"url\":\"https:\/\/omundoeumtzero.com\/wp-content\/uploads\/2019\/09\/OMUNDOEUMTZERO_Logotipo_preto.svg\",\"contentUrl\":\"https:\/\/omundoeumtzero.com\/wp-content\/uploads\/2019\/09\/OMUNDOEUMTZERO_Logotipo_preto.svg\",\"width\":475,\"height\":445,\"caption\":\"O Mundo \u00e9 um T Zero\"},\"image\":{\"@id\":\"https:\/\/omundoeumtzero.com\/#\/schema\/logo\/image\/\"}},{\"@type\":\"Person\",\"@id\":\"https:\/\/omundoeumtzero.com\/#\/schema\/person\/fb25cad21b044bfea1c91e6ef7073627\",\"name\":\"Liliana\",\"image\":{\"@type\":\"ImageObject\",\"inLanguage\":\"pt-PT\",\"@id\":\"https:\/\/omundoeumtzero.com\/#\/schema\/person\/image\/\",\"url\":\"https:\/\/secure.gravatar.com\/avatar\/a367cba467b37c3ceadf78908fe9abe1?s=96&d=mm&r=g\",\"contentUrl\":\"https:\/\/secure.gravatar.com\/avatar\/a367cba467b37c3ceadf78908fe9abe1?s=96&d=mm&r=g\",\"caption\":\"Liliana\"},\"sameAs\":[\"http:\/\/liliana\",\"https:\/\/www.facebook.com\/villerealestatelilianacacoilo\",\"https:\/\/www.instagram.com\/lilianacacoilo\/\",\"https:\/\/www.linkedin.com\/in\/liliana-cacoilo\/\"],\"url\":\"https:\/\/omundoeumtzero.com\/index.php\/author\/liliana\/\"}]}<\/script>\n<!-- \/ Yoast SEO plugin. -->","yoast_head_json":{"title":"Queres vender a tua habita\u00e7\u00e3o secund\u00e1ria? - O Mundo \u00e9 um T Zero","description":"Mais valias e reinvestimentos em im\u00f3veis para habita\u00e7\u00e3o pr\u00f3pria e permanente.","robots":{"index":"index","follow":"follow","max-snippet":"max-snippet:-1","max-image-preview":"max-image-preview:large","max-video-preview":"max-video-preview:-1"},"canonical":"https:\/\/omundoeumtzero.com\/index.php\/2023\/11\/24\/queres-vender-a-tua-habitacao-secundaria\/","og_locale":"pt_PT","og_type":"article","og_title":"Queres vender a tua habita\u00e7\u00e3o secund\u00e1ria? - O Mundo \u00e9 um T Zero","og_description":"Mais valias e reinvestimentos em im\u00f3veis para habita\u00e7\u00e3o pr\u00f3pria e permanente.","og_url":"https:\/\/omundoeumtzero.com\/index.php\/2023\/11\/24\/queres-vender-a-tua-habitacao-secundaria\/","og_site_name":"O Mundo \u00e9 um T Zero","article_publisher":"https:\/\/www.facebook.com\/villeliliana.cacoilo","article_author":"https:\/\/www.facebook.com\/villerealestatelilianacacoilo","article_published_time":"2023-11-24T12:28:51+00:00","article_modified_time":"2023-11-24T12:31:19+00:00","og_image":[{"width":2500,"height":1667,"url":"https:\/\/omundoeumtzero.com\/wp-content\/uploads\/2019\/09\/neven-krcmarek-HWbxSLvmSww-unsplash.jpg","type":"image\/jpeg"}],"author":"Liliana","twitter_card":"summary_large_image","twitter_misc":{"Escrito por":"Liliana","Tempo estimado de leitura":"4 minutos"},"schema":{"@context":"https:\/\/schema.org","@graph":[{"@type":"Article","@id":"https:\/\/omundoeumtzero.com\/index.php\/2023\/11\/24\/queres-vender-a-tua-habitacao-secundaria\/#article","isPartOf":{"@id":"https:\/\/omundoeumtzero.com\/index.php\/2023\/11\/24\/queres-vender-a-tua-habitacao-secundaria\/"},"author":{"name":"Liliana","@id":"https:\/\/omundoeumtzero.com\/#\/schema\/person\/fb25cad21b044bfea1c91e6ef7073627"},"headline":"Queres vender a tua habita\u00e7\u00e3o secund\u00e1ria?","datePublished":"2023-11-24T12:28:51+00:00","dateModified":"2023-11-24T12:31:19+00:00","mainEntityOfPage":{"@id":"https:\/\/omundoeumtzero.com\/index.php\/2023\/11\/24\/queres-vender-a-tua-habitacao-secundaria\/"},"wordCount":797,"publisher":{"@id":"https:\/\/omundoeumtzero.com\/#organization"},"articleSection":["Featured"],"inLanguage":"pt-PT"},{"@type":"WebPage","@id":"https:\/\/omundoeumtzero.com\/index.php\/2023\/11\/24\/queres-vender-a-tua-habitacao-secundaria\/","url":"https:\/\/omundoeumtzero.com\/index.php\/2023\/11\/24\/queres-vender-a-tua-habitacao-secundaria\/","name":"Queres vender a tua habita\u00e7\u00e3o secund\u00e1ria? - O Mundo \u00e9 um T Zero","isPartOf":{"@id":"https:\/\/omundoeumtzero.com\/#website"},"datePublished":"2023-11-24T12:28:51+00:00","dateModified":"2023-11-24T12:31:19+00:00","description":"Mais valias e reinvestimentos em im\u00f3veis para habita\u00e7\u00e3o pr\u00f3pria e permanente.","breadcrumb":{"@id":"https:\/\/omundoeumtzero.com\/index.php\/2023\/11\/24\/queres-vender-a-tua-habitacao-secundaria\/#breadcrumb"},"inLanguage":"pt-PT","potentialAction":[{"@type":"ReadAction","target":["https:\/\/omundoeumtzero.com\/index.php\/2023\/11\/24\/queres-vender-a-tua-habitacao-secundaria\/"]}]},{"@type":"BreadcrumbList","@id":"https:\/\/omundoeumtzero.com\/index.php\/2023\/11\/24\/queres-vender-a-tua-habitacao-secundaria\/#breadcrumb","itemListElement":[{"@type":"ListItem","position":1,"name":"In\u00edcio","item":"https:\/\/omundoeumtzero.com\/"},{"@type":"ListItem","position":2,"name":"Queres vender a tua habita\u00e7\u00e3o secund\u00e1ria?"}]},{"@type":"WebSite","@id":"https:\/\/omundoeumtzero.com\/#website","url":"https:\/\/omundoeumtzero.com\/","name":"O Mundo \u00e9 um T Zero","description":"Por Liliana Ca\u00e7oilo","publisher":{"@id":"https:\/\/omundoeumtzero.com\/#organization"},"potentialAction":[{"@type":"SearchAction","target":{"@type":"EntryPoint","urlTemplate":"https:\/\/omundoeumtzero.com\/?s={search_term_string}"},"query-input":"required name=search_term_string"}],"inLanguage":"pt-PT"},{"@type":"Organization","@id":"https:\/\/omundoeumtzero.com\/#organization","name":"O Mundo \u00e9 um T Zero","url":"https:\/\/omundoeumtzero.com\/","sameAs":["https:\/\/www.instagram.com\/lilianacacoilo\/","https:\/\/www.facebook.com\/villeliliana.cacoilo"],"logo":{"@type":"ImageObject","inLanguage":"pt-PT","@id":"https:\/\/omundoeumtzero.com\/#\/schema\/logo\/image\/","url":"https:\/\/omundoeumtzero.com\/wp-content\/uploads\/2019\/09\/OMUNDOEUMTZERO_Logotipo_preto.svg","contentUrl":"https:\/\/omundoeumtzero.com\/wp-content\/uploads\/2019\/09\/OMUNDOEUMTZERO_Logotipo_preto.svg","width":475,"height":445,"caption":"O Mundo \u00e9 um T Zero"},"image":{"@id":"https:\/\/omundoeumtzero.com\/#\/schema\/logo\/image\/"}},{"@type":"Person","@id":"https:\/\/omundoeumtzero.com\/#\/schema\/person\/fb25cad21b044bfea1c91e6ef7073627","name":"Liliana","image":{"@type":"ImageObject","inLanguage":"pt-PT","@id":"https:\/\/omundoeumtzero.com\/#\/schema\/person\/image\/","url":"https:\/\/secure.gravatar.com\/avatar\/a367cba467b37c3ceadf78908fe9abe1?s=96&d=mm&r=g","contentUrl":"https:\/\/secure.gravatar.com\/avatar\/a367cba467b37c3ceadf78908fe9abe1?s=96&d=mm&r=g","caption":"Liliana"},"sameAs":["http:\/\/liliana","https:\/\/www.facebook.com\/villerealestatelilianacacoilo","https:\/\/www.instagram.com\/lilianacacoilo\/","https:\/\/www.linkedin.com\/in\/liliana-cacoilo\/"],"url":"https:\/\/omundoeumtzero.com\/index.php\/author\/liliana\/"}]}},"_links":{"self":[{"href":"https:\/\/omundoeumtzero.com\/index.php\/wp-json\/wp\/v2\/posts\/7654"}],"collection":[{"href":"https:\/\/omundoeumtzero.com\/index.php\/wp-json\/wp\/v2\/posts"}],"about":[{"href":"https:\/\/omundoeumtzero.com\/index.php\/wp-json\/wp\/v2\/types\/post"}],"author":[{"embeddable":true,"href":"https:\/\/omundoeumtzero.com\/index.php\/wp-json\/wp\/v2\/users\/4"}],"replies":[{"embeddable":true,"href":"https:\/\/omundoeumtzero.com\/index.php\/wp-json\/wp\/v2\/comments?post=7654"}],"version-history":[{"count":4,"href":"https:\/\/omundoeumtzero.com\/index.php\/wp-json\/wp\/v2\/posts\/7654\/revisions"}],"predecessor-version":[{"id":7658,"href":"https:\/\/omundoeumtzero.com\/index.php\/wp-json\/wp\/v2\/posts\/7654\/revisions\/7658"}],"wp:featuredmedia":[{"embeddable":true,"href":"https:\/\/omundoeumtzero.com\/index.php\/wp-json\/wp\/v2\/media\/6149"}],"wp:attachment":[{"href":"https:\/\/omundoeumtzero.com\/index.php\/wp-json\/wp\/v2\/media?parent=7654"}],"wp:term":[{"taxonomy":"category","embeddable":true,"href":"https:\/\/omundoeumtzero.com\/index.php\/wp-json\/wp\/v2\/categories?post=7654"},{"taxonomy":"post_tag","embeddable":true,"href":"https:\/\/omundoeumtzero.com\/index.php\/wp-json\/wp\/v2\/tags?post=7654"}],"curies":[{"name":"wp","href":"https:\/\/api.w.org\/{rel}","templated":true}]}}